{"id":2497,"date":"2021-08-10T13:33:08","date_gmt":"2021-08-10T11:33:08","guid":{"rendered":"http:\/\/www.sportmgt.ch\/?p=2497"},"modified":"2021-08-25T14:13:09","modified_gmt":"2021-08-25T12:13:09","slug":"johan-mojica-signe-a-elche-pour-3-ans","status":"publish","type":"post","link":"http:\/\/www.sportmgt.ch\/?p=2497","title":{"rendered":"Johan Mojica signe \u00e0 Elche pour 3 ans | 10.08.2021"},"content":{"rendered":"\n[et_pb_section fb_built=\u00a0\u00bb1&Prime; _builder_version=\u00a0\u00bb4.0.11&Prime; min_height=\u00a0\u00bb194px\u00a0\u00bb custom_padding=\u00a0\u00bb0px||33px|||\u00a0\u00bb global_colors_info=\u00a0\u00bb{}\u00a0\u00bb][et_pb_row _builder_version=\u00a0\u00bb4.0.11&Prime; min_height=\u00a0\u00bb130px\u00a0\u00bb custom_margin=\u00a0\u00bb|auto|-579px|auto||\u00a0\u00bb custom_padding=\u00a0\u00bb4px|||||\u00a0\u00bb global_colors_info=\u00a0\u00bb{}\u00a0\u00bb][et_pb_column type=\u00a0\u00bb4_4&Prime; _builder_version=\u00a0\u00bb4.0.11&Prime; global_colors_info=\u00a0\u00bb{}\u00a0\u00bb][et_pb_text _builder_version=\u00a0\u00bb4.10.3&Prime; min_height=\u00a0\u00bb143px\u00a0\u00bb custom_margin=\u00a0\u00bb||-22px|||\u00a0\u00bb custom_padding=\u00a0\u00bb2px||5px|||\u00a0\u00bb hover_enabled=\u00a0\u00bb0&Prime; global_colors_info=\u00a0\u00bb{}\u00a0\u00bb sticky_enabled=\u00a0\u00bb0&Prime;]Toda la Team Sportmgt est\u00e1 feliz de anunciar la transferencia de nuestro jugador Johan Mojica del Girona al Elche para las tres pr\u00f3ximas temporadas Queremos agradecer a los dos clubes y sus directivos, a Johan y su familia por la confianza en nuestro trabajo,le deseamos muchas suerte para esta temporada.Un agradecimiento especial tambi\u00e9n a nuestro socio en Espa\u00f1a Don Vicente Amig\u00f3por su apoyo como siempre.\n\nToute la team Sportmgt est heureuse d\u2019annoncer le transfert de notre joueur Johan Mojica de Girona \u00e0 Elche pour les trois prochaines saisons.Nous remercions les deux clubs et leurs dirigeants, Johan et sa famille pour la confiance en notre travail, nous leur souhaitons bonne chance pour cette saison. un merci sp\u00e9cial aussi \u00e0 notre associ\u00e9 en Espagne Don Vicente Amig\u00f3 pour son soutien. [\/et_pb_text][\/et_pb_column][\/et_pb_row][et_pb_row _builder_version=\u00a0\u00bb4.0.11&Prime; min_height=\u00a0\u00bb253px\u00a0\u00bb custom_margin=\u00a0\u00bb|auto|-22px|auto||\u00a0\u00bb custom_padding=\u00a0\u00bb4px||5px|||\u00a0\u00bb global_colors_info=\u00a0\u00bb{}\u00a0\u00bb][et_pb_column type=\u00a0\u00bb4_4&Prime; _builder_version=\u00a0\u00bb4.0.11&Prime; global_colors_info=\u00a0\u00bb{}\u00a0\u00bb][\/et_pb_column][\/et_pb_row][\/et_pb_section]\n","protected":false},"excerpt":{"rendered":"<p>Toda la Team Sportmgt est\u00e1 feliz de anunciar la transferencia de nuestro jugador Johan Mojica del Girona al Elche para las tres pr\u00f3ximas temporadas Queremos agradecer a los dos clubes y sus directivos, a Johan y su familia por la confianza en nuestro trabajo,le deseamos muchas suerte para esta temporada.Un agradecimiento especial tambi\u00e9n a nuestro [&hellip;]<\/p>\n","protected":false},"author":3,"featured_media":2498,"comment_status":"closed","ping_status":"closed","sticky":true,"template":"","format":"standard","meta":{"_et_pb_use_builder":"on","_et_pb_old_content":"","_et_gb_content_width":"","footnotes":""},"categories":[1],"tags":[],"class_list":["post-2497","post","type-post","status-publish","format-standard","has-post-thumbnail","hentry","category-senza-categoria"],"yoast_head":"<!-- This site is optimized with the Yoast SEO plugin v27.5 - https:\/\/yoast.com\/product\/yoast-seo-wordpress\/ -->\n<title>Johan Mojica signe \u00e0 Elche pour 3 ans | 10.08.2021 - LF Sport Management<\/title>\n<meta name=\"robots\" content=\"index, follow, max-snippet:-1, max-image-preview:large, max-video-preview:-1\" \/>\n<link rel=\"canonical\" href=\"http:\/\/www.sportmgt.ch\/?p=2497\" \/>\n<meta property=\"og:locale\" content=\"fr_FR\" \/>\n<meta property=\"og:type\" content=\"article\" \/>\n<meta property=\"og:title\" content=\"Johan Mojica signe \u00e0 Elche pour 3 ans | 10.08.2021 - LF Sport Management\" \/>\n<meta property=\"og:description\" content=\"Toda la Team Sportmgt est\u00e1 feliz de anunciar la transferencia de nuestro jugador Johan Mojica del Girona al Elche para las tres pr\u00f3ximas temporadas Queremos agradecer a los dos clubes y sus directivos, a Johan y su familia por la confianza en nuestro trabajo,le deseamos muchas suerte para esta temporada.Un agradecimiento especial tambi\u00e9n a nuestro [&hellip;]\" \/>\n<meta property=\"og:url\" content=\"http:\/\/www.sportmgt.ch\/?p=2497\" \/>\n<meta property=\"og:site_name\" content=\"LF Sport Management\" \/>\n<meta property=\"article:published_time\" content=\"2021-08-10T11:33:08+00:00\" \/>\n<meta property=\"article:modified_time\" content=\"2021-08-25T12:13:09+00:00\" \/>\n<meta property=\"og:image\" content=\"http:\/\/www.sportmgt.ch\/wp-content\/uploads\/2021\/08\/mojica.jpg\" \/>\n\t<meta property=\"og:image:width\" content=\"960\" \/>\n\t<meta property=\"og:image:height\" content=\"682\" \/>\n\t<meta property=\"og:image:type\" content=\"image\/jpeg\" \/>\n<meta name=\"author\" content=\"Marco Bracco\" \/>\n<meta name=\"twitter:label1\" content=\"\u00c9crit par\" \/>\n\t<meta name=\"twitter:data1\" content=\"Marco Bracco\" \/>\n\t<meta name=\"twitter:label2\" content=\"Dur\u00e9e de lecture estim\u00e9e\" \/>\n\t<meta name=\"twitter:data2\" content=\"1 minute\" \/>\n<script type=\"application\/ld+json\" class=\"yoast-schema-graph\">{\"@context\":\"https:\\\/\\\/schema.org\",\"@graph\":[{\"@type\":\"Article\",\"@id\":\"http:\\\/\\\/www.sportmgt.ch\\\/?p=2497#article\",\"isPartOf\":{\"@id\":\"http:\\\/\\\/www.sportmgt.ch\\\/?p=2497\"},\"author\":{\"name\":\"Marco Bracco\",\"@id\":\"http:\\\/\\\/www.sportmgt.ch\\\/#\\\/schema\\\/person\\\/b83123e78be684737fdbb0de39de5756\"},\"headline\":\"Johan Mojica signe \u00e0 Elche pour 3 ans | 10.08.2021\",\"datePublished\":\"2021-08-10T11:33:08+00:00\",\"dateModified\":\"2021-08-25T12:13:09+00:00\",\"mainEntityOfPage\":{\"@id\":\"http:\\\/\\\/www.sportmgt.ch\\\/?p=2497\"},\"wordCount\":258,\"image\":{\"@id\":\"http:\\\/\\\/www.sportmgt.ch\\\/?p=2497#primaryimage\"},\"thumbnailUrl\":\"http:\\\/\\\/www.sportmgt.ch\\\/wp-content\\\/uploads\\\/2021\\\/08\\\/mojica.jpg\",\"articleSection\":[\"sportmgt\"],\"inLanguage\":\"fr-FR\"},{\"@type\":\"WebPage\",\"@id\":\"http:\\\/\\\/www.sportmgt.ch\\\/?p=2497\",\"url\":\"http:\\\/\\\/www.sportmgt.ch\\\/?p=2497\",\"name\":\"Johan Mojica signe \u00e0 Elche pour 3 ans | 10.08.2021 - LF Sport Management\",\"isPartOf\":{\"@id\":\"http:\\\/\\\/www.sportmgt.ch\\\/#website\"},\"primaryImageOfPage\":{\"@id\":\"http:\\\/\\\/www.sportmgt.ch\\\/?p=2497#primaryimage\"},\"image\":{\"@id\":\"http:\\\/\\\/www.sportmgt.ch\\\/?p=2497#primaryimage\"},\"thumbnailUrl\":\"http:\\\/\\\/www.sportmgt.ch\\\/wp-content\\\/uploads\\\/2021\\\/08\\\/mojica.jpg\",\"datePublished\":\"2021-08-10T11:33:08+00:00\",\"dateModified\":\"2021-08-25T12:13:09+00:00\",\"author\":{\"@id\":\"http:\\\/\\\/www.sportmgt.ch\\\/#\\\/schema\\\/person\\\/b83123e78be684737fdbb0de39de5756\"},\"breadcrumb\":{\"@id\":\"http:\\\/\\\/www.sportmgt.ch\\\/?p=2497#breadcrumb\"},\"inLanguage\":\"fr-FR\",\"potentialAction\":[{\"@type\":\"ReadAction\",\"target\":[\"http:\\\/\\\/www.sportmgt.ch\\\/?p=2497\"]}]},{\"@type\":\"ImageObject\",\"inLanguage\":\"fr-FR\",\"@id\":\"http:\\\/\\\/www.sportmgt.ch\\\/?p=2497#primaryimage\",\"url\":\"http:\\\/\\\/www.sportmgt.ch\\\/wp-content\\\/uploads\\\/2021\\\/08\\\/mojica.jpg\",\"contentUrl\":\"http:\\\/\\\/www.sportmgt.ch\\\/wp-content\\\/uploads\\\/2021\\\/08\\\/mojica.jpg\",\"width\":960,\"height\":682},{\"@type\":\"BreadcrumbList\",\"@id\":\"http:\\\/\\\/www.sportmgt.ch\\\/?p=2497#breadcrumb\",\"itemListElement\":[{\"@type\":\"ListItem\",\"position\":1,\"name\":\"Home\",\"item\":\"http:\\\/\\\/www.sportmgt.ch\\\/\"},{\"@type\":\"ListItem\",\"position\":2,\"name\":\"Johan Mojica signe \u00e0 Elche pour 3 ans | 10.08.2021\"}]},{\"@type\":\"WebSite\",\"@id\":\"http:\\\/\\\/www.sportmgt.ch\\\/#website\",\"url\":\"http:\\\/\\\/www.sportmgt.ch\\\/\",\"name\":\"LF Sport Management\",\"description\":\"Think sports.\",\"potentialAction\":[{\"@type\":\"SearchAction\",\"target\":{\"@type\":\"EntryPoint\",\"urlTemplate\":\"http:\\\/\\\/www.sportmgt.ch\\\/?s={search_term_string}\"},\"query-input\":{\"@type\":\"PropertyValueSpecification\",\"valueRequired\":true,\"valueName\":\"search_term_string\"}}],\"inLanguage\":\"fr-FR\"},{\"@type\":\"Person\",\"@id\":\"http:\\\/\\\/www.sportmgt.ch\\\/#\\\/schema\\\/person\\\/b83123e78be684737fdbb0de39de5756\",\"name\":\"Marco Bracco\",\"image\":{\"@type\":\"ImageObject\",\"inLanguage\":\"fr-FR\",\"@id\":\"https:\\\/\\\/secure.gravatar.com\\\/avatar\\\/faa5a8f0a48bf9b6ef876a71f6ad6888956966e0f72db018b9a7979f19299de6?s=96&d=mm&r=g\",\"url\":\"https:\\\/\\\/secure.gravatar.com\\\/avatar\\\/faa5a8f0a48bf9b6ef876a71f6ad6888956966e0f72db018b9a7979f19299de6?s=96&d=mm&r=g\",\"contentUrl\":\"https:\\\/\\\/secure.gravatar.com\\\/avatar\\\/faa5a8f0a48bf9b6ef876a71f6ad6888956966e0f72db018b9a7979f19299de6?s=96&d=mm&r=g\",\"caption\":\"Marco Bracco\"},\"url\":\"http:\\\/\\\/www.sportmgt.ch\\\/?author=3\"}]}<\/script>\n<!-- \/ Yoast SEO plugin. -->","yoast_head_json":{"title":"Johan Mojica signe \u00e0 Elche pour 3 ans | 10.08.2021 - LF Sport Management","robots":{"index":"index","follow":"follow","max-snippet":"max-snippet:-1","max-image-preview":"max-image-preview:large","max-video-preview":"max-video-preview:-1"},"canonical":"http:\/\/www.sportmgt.ch\/?p=2497","og_locale":"fr_FR","og_type":"article","og_title":"Johan Mojica signe \u00e0 Elche pour 3 ans | 10.08.2021 - LF Sport Management","og_description":"Toda la Team Sportmgt est\u00e1 feliz de anunciar la transferencia de nuestro jugador Johan Mojica del Girona al Elche para las tres pr\u00f3ximas temporadas Queremos agradecer a los dos clubes y sus directivos, a Johan y su familia por la confianza en nuestro trabajo,le deseamos muchas suerte para esta temporada.Un agradecimiento especial tambi\u00e9n a nuestro [&hellip;]","og_url":"http:\/\/www.sportmgt.ch\/?p=2497","og_site_name":"LF Sport Management","article_published_time":"2021-08-10T11:33:08+00:00","article_modified_time":"2021-08-25T12:13:09+00:00","og_image":[{"width":960,"height":682,"url":"http:\/\/www.sportmgt.ch\/wp-content\/uploads\/2021\/08\/mojica.jpg","type":"image\/jpeg"}],"author":"Marco Bracco","twitter_misc":{"\u00c9crit par":"Marco Bracco","Dur\u00e9e de lecture estim\u00e9e":"1 minute"},"schema":{"@context":"https:\/\/schema.org","@graph":[{"@type":"Article","@id":"http:\/\/www.sportmgt.ch\/?p=2497#article","isPartOf":{"@id":"http:\/\/www.sportmgt.ch\/?p=2497"},"author":{"name":"Marco Bracco","@id":"http:\/\/www.sportmgt.ch\/#\/schema\/person\/b83123e78be684737fdbb0de39de5756"},"headline":"Johan Mojica signe \u00e0 Elche pour 3 ans | 10.08.2021","datePublished":"2021-08-10T11:33:08+00:00","dateModified":"2021-08-25T12:13:09+00:00","mainEntityOfPage":{"@id":"http:\/\/www.sportmgt.ch\/?p=2497"},"wordCount":258,"image":{"@id":"http:\/\/www.sportmgt.ch\/?p=2497#primaryimage"},"thumbnailUrl":"http:\/\/www.sportmgt.ch\/wp-content\/uploads\/2021\/08\/mojica.jpg","articleSection":["sportmgt"],"inLanguage":"fr-FR"},{"@type":"WebPage","@id":"http:\/\/www.sportmgt.ch\/?p=2497","url":"http:\/\/www.sportmgt.ch\/?p=2497","name":"Johan Mojica signe \u00e0 Elche pour 3 ans | 10.08.2021 - LF Sport Management","isPartOf":{"@id":"http:\/\/www.sportmgt.ch\/#website"},"primaryImageOfPage":{"@id":"http:\/\/www.sportmgt.ch\/?p=2497#primaryimage"},"image":{"@id":"http:\/\/www.sportmgt.ch\/?p=2497#primaryimage"},"thumbnailUrl":"http:\/\/www.sportmgt.ch\/wp-content\/uploads\/2021\/08\/mojica.jpg","datePublished":"2021-08-10T11:33:08+00:00","dateModified":"2021-08-25T12:13:09+00:00","author":{"@id":"http:\/\/www.sportmgt.ch\/#\/schema\/person\/b83123e78be684737fdbb0de39de5756"},"breadcrumb":{"@id":"http:\/\/www.sportmgt.ch\/?p=2497#breadcrumb"},"inLanguage":"fr-FR","potentialAction":[{"@type":"ReadAction","target":["http:\/\/www.sportmgt.ch\/?p=2497"]}]},{"@type":"ImageObject","inLanguage":"fr-FR","@id":"http:\/\/www.sportmgt.ch\/?p=2497#primaryimage","url":"http:\/\/www.sportmgt.ch\/wp-content\/uploads\/2021\/08\/mojica.jpg","contentUrl":"http:\/\/www.sportmgt.ch\/wp-content\/uploads\/2021\/08\/mojica.jpg","width":960,"height":682},{"@type":"BreadcrumbList","@id":"http:\/\/www.sportmgt.ch\/?p=2497#breadcrumb","itemListElement":[{"@type":"ListItem","position":1,"name":"Home","item":"http:\/\/www.sportmgt.ch\/"},{"@type":"ListItem","position":2,"name":"Johan Mojica signe \u00e0 Elche pour 3 ans | 10.08.2021"}]},{"@type":"WebSite","@id":"http:\/\/www.sportmgt.ch\/#website","url":"http:\/\/www.sportmgt.ch\/","name":"LF Sport Management","description":"Think sports.","potentialAction":[{"@type":"SearchAction","target":{"@type":"EntryPoint","urlTemplate":"http:\/\/www.sportmgt.ch\/?s={search_term_string}"},"query-input":{"@type":"PropertyValueSpecification","valueRequired":true,"valueName":"search_term_string"}}],"inLanguage":"fr-FR"},{"@type":"Person","@id":"http:\/\/www.sportmgt.ch\/#\/schema\/person\/b83123e78be684737fdbb0de39de5756","name":"Marco Bracco","image":{"@type":"ImageObject","inLanguage":"fr-FR","@id":"https:\/\/secure.gravatar.com\/avatar\/faa5a8f0a48bf9b6ef876a71f6ad6888956966e0f72db018b9a7979f19299de6?s=96&d=mm&r=g","url":"https:\/\/secure.gravatar.com\/avatar\/faa5a8f0a48bf9b6ef876a71f6ad6888956966e0f72db018b9a7979f19299de6?s=96&d=mm&r=g","contentUrl":"https:\/\/secure.gravatar.com\/avatar\/faa5a8f0a48bf9b6ef876a71f6ad6888956966e0f72db018b9a7979f19299de6?s=96&d=mm&r=g","caption":"Marco Bracco"},"url":"http:\/\/www.sportmgt.ch\/?author=3"}]}},"_links":{"self":[{"href":"http:\/\/www.sportmgt.ch\/index.php?rest_route=\/wp\/v2\/posts\/2497","targetHints":{"allow":["GET"]}}],"collection":[{"href":"http:\/\/www.sportmgt.ch\/index.php?rest_route=\/wp\/v2\/posts"}],"about":[{"href":"http:\/\/www.sportmgt.ch\/index.php?rest_route=\/wp\/v2\/types\/post"}],"author":[{"embeddable":true,"href":"http:\/\/www.sportmgt.ch\/index.php?rest_route=\/wp\/v2\/users\/3"}],"replies":[{"embeddable":true,"href":"http:\/\/www.sportmgt.ch\/index.php?rest_route=%2Fwp%2Fv2%2Fcomments&post=2497"}],"version-history":[{"count":5,"href":"http:\/\/www.sportmgt.ch\/index.php?rest_route=\/wp\/v2\/posts\/2497\/revisions"}],"predecessor-version":[{"id":2504,"href":"http:\/\/www.sportmgt.ch\/index.php?rest_route=\/wp\/v2\/posts\/2497\/revisions\/2504"}],"wp:featuredmedia":[{"embeddable":true,"href":"http:\/\/www.sportmgt.ch\/index.php?rest_route=\/wp\/v2\/media\/2498"}],"wp:attachment":[{"href":"http:\/\/www.sportmgt.ch\/index.php?rest_route=%2Fwp%2Fv2%2Fmedia&parent=2497"}],"wp:term":[{"taxonomy":"category","embeddable":true,"href":"http:\/\/www.sportmgt.ch\/index.php?rest_route=%2Fwp%2Fv2%2Fcategories&post=2497"},{"taxonomy":"post_tag","embeddable":true,"href":"http:\/\/www.sportmgt.ch\/index.php?rest_route=%2Fwp%2Fv2%2Ftags&post=2497"}],"curies":[{"name":"wp","href":"https:\/\/api.w.org\/{rel}","templated":true}]}}