{"id":2477,"date":"2021-06-29T14:21:52","date_gmt":"2021-06-29T12:21:52","guid":{"rendered":"http:\/\/www.sportmgt.ch\/?p=2477"},"modified":"2021-06-29T14:22:20","modified_gmt":"2021-06-29T12:22:20","slug":"invitation-a-la-tele","status":"publish","type":"post","link":"http:\/\/www.sportmgt.ch\/?p=2477","title":{"rendered":"Invitation \u00e0 la T\u00e9l\u00e9 | 28.06.2021"},"content":{"rendered":"<p>[et_pb_section fb_built=\u00a0\u00bb1&Prime; _builder_version=\u00a0\u00bb4.0.11&Prime; min_height=\u00a0\u00bb194px\u00a0\u00bb custom_padding=\u00a0\u00bb0px|||||\u00a0\u00bb][et_pb_row _builder_version=\u00a0\u00bb4.0.11&Prime; min_height=\u00a0\u00bb130px\u00a0\u00bb custom_margin=\u00a0\u00bb|auto|-579px|auto||\u00a0\u00bb custom_padding=\u00a0\u00bb4px|||||\u00a0\u00bb][et_pb_column type=\u00a0\u00bb4_4&Prime; _builder_version=\u00a0\u00bb4.0.11&Prime;][et_pb_text _builder_version=\u00a0\u00bb4.9.7&Prime; min_height=\u00a0\u00bb160px\u00a0\u00bb custom_margin=\u00a0\u00bb||-22px|||\u00a0\u00bb custom_padding=\u00a0\u00bb2px||45px|||\u00a0\u00bb hover_enabled=\u00a0\u00bb0&Prime; sticky_enabled=\u00a0\u00bb0&Prime;]<\/p>\n<div class=\"kvgmc6g5 cxmmr5t8 oygrvhab hcukyx3x c1et5uql ii04i59q\">\n<div dir=\"auto\">Merci \u00e0 <span><a class=\"oajrlxb2 g5ia77u1 qu0x051f esr5mh6w e9989ue4 r7d6kgcz rq0escxv nhd2j8a9 nc684nl6 p7hjln8o kvgmc6g5 cxmmr5t8 oygrvhab hcukyx3x jb3vyjys rz4wbd8a qt6c0cv9 a8nywdso i1ao9s8h esuyzwwr f1sip0of lzcic4wl q66pz984 gpro0wi8 b1v8xokw\" href=\"https:\/\/www.facebook.com\/latele.ch\/?__cft__[0]=AZWzAGLMhFo46H84Z1CxW4LlWh7MTI6EaWEUBMze3ahqxqtGyDCUkqAH4cJzbxMqsTBHBaC45ZP5fVzylF2841B1BqvlEZ0aIDoRzK4fHoKQ2aar2DhdMVjvUXPZ2q32K-Iz7UITP8W5P9tw-DOzQsK1&amp;__tn__=kK-R\" role=\"link\" tabindex=\"0\"><span class=\"nc684nl6\">La T\u00e9l\u00e9<\/span><\/a><\/span> pour l\u2019invitation \u00e0 son \u00e9mission 4-4-2 hier soir ou j\u2019ai eu le plaisir d\u2019\u00eatre en compagnie de :<\/div>\n<\/div>\n<div class=\"o9v6fnle cxmmr5t8 oygrvhab hcukyx3x c1et5uql ii04i59q\">\n<div dir=\"auto\">G\u00e9rard Castella responsable formation des Young Boys, Tim Guillemin r\u00e9dacteur en chef du journal la R\u00e9gion et Le Pr\u00e9sident du FC Epalinges Jean-Marie Perret, qui petit clin d\u2019\u0153il de l\u2019histoire f\u00fbt mon co\u00e9quipier en junior au FC Cugy et au <span><a class=\"oajrlxb2 g5ia77u1 qu0x051f esr5mh6w e9989ue4 r7d6kgcz rq0escxv nhd2j8a9 nc684nl6 p7hjln8o kvgmc6g5 cxmmr5t8 oygrvhab hcukyx3x jb3vyjys rz4wbd8a qt6c0cv9 a8nywdso i1ao9s8h esuyzwwr f1sip0of lzcic4wl q66pz984 gpro0wi8 b1v8xokw\" href=\"https:\/\/www.facebook.com\/fcconcordialausanne\/?__cft__[0]=AZWzAGLMhFo46H84Z1CxW4LlWh7MTI6EaWEUBMze3ahqxqtGyDCUkqAH4cJzbxMqsTBHBaC45ZP5fVzylF2841B1BqvlEZ0aIDoRzK4fHoKQ2aar2DhdMVjvUXPZ2q32K-Iz7UITP8W5P9tw-DOzQsK1&amp;__tn__=kK-R\" role=\"link\" tabindex=\"0\"><span class=\"nc684nl6\">FC Concordia Lausanne<\/span><\/a><\/span><\/div>\n<\/div>\n<p>[\/et_pb_text][\/et_pb_column][\/et_pb_row][et_pb_row _builder_version=\u00a0\u00bb4.0.11&Prime; min_height=\u00a0\u00bb94px\u00a0\u00bb custom_margin=\u00a0\u00bb|auto|-22px|auto||\u00a0\u00bb custom_padding=\u00a0\u00bb4px||5px|||\u00a0\u00bb][et_pb_column type=\u00a0\u00bb4_4&Prime; _builder_version=\u00a0\u00bb4.0.11&Prime;][\/et_pb_column][\/et_pb_row][\/et_pb_section][et_pb_section fb_built=\u00a0\u00bb1&Prime; _builder_version=\u00a0\u00bb4.9.7&Prime; _module_preset=\u00a0\u00bbdefault\u00a0\u00bb][et_pb_row _builder_version=\u00a0\u00bb4.9.7&Prime; _module_preset=\u00a0\u00bbdefault\u00a0\u00bb][et_pb_column _builder_version=\u00a0\u00bb4.9.7&Prime; _module_preset=\u00a0\u00bbdefault\u00a0\u00bb type=\u00a0\u00bb4_4&Prime;][et_pb_code _builder_version=\u00a0\u00bb4.9.7&Prime; _module_preset=\u00a0\u00bbdefault\u00a0\u00bb hover_enabled=\u00a0\u00bb0&Prime; sticky_enabled=\u00a0\u00bb0&Prime;]<iframe loading=\"lazy\" src=\"https:\/\/latele.ch\/emissions\/4-4-2\/4-4-2-s-2021-e-12\/embed\" width=\"730\" height=\"415\" frameborder=\"0\" allowfullscreen><\/iframe>[\/et_pb_code][\/et_pb_column][\/et_pb_row][\/et_pb_section]<\/p>\n","protected":false},"excerpt":{"rendered":"<p>Merci \u00e0 La T\u00e9l\u00e9 pour l\u2019invitation \u00e0 son \u00e9mission 4-4-2 hier soir ou j\u2019ai eu le plaisir d\u2019\u00eatre en compagnie de : G\u00e9rard Castella responsable formation des Young Boys, Tim Guillemin r\u00e9dacteur en chef du journal la R\u00e9gion et Le Pr\u00e9sident du FC Epalinges Jean-Marie Perret, qui petit clin d\u2019\u0153il de l\u2019histoire f\u00fbt mon co\u00e9quipier [&hellip;]<\/p>\n","protected":false},"author":3,"featured_media":2478,"comment_status":"closed","ping_status":"open","sticky":true,"template":"","format":"standard","meta":{"_et_pb_use_builder":"on","_et_pb_old_content":"","_et_gb_content_width":"","footnotes":""},"categories":[1],"tags":[],"class_list":["post-2477","post","type-post","status-publish","format-standard","has-post-thumbnail","hentry","category-senza-categoria"],"yoast_head":"<!-- This site is optimized with the Yoast SEO plugin v27.5 - https:\/\/yoast.com\/product\/yoast-seo-wordpress\/ -->\n<title>Invitation \u00e0 la T\u00e9l\u00e9 | 28.06.2021 - LF Sport Management<\/title>\n<meta name=\"robots\" content=\"index, follow, max-snippet:-1, max-image-preview:large, max-video-preview:-1\" \/>\n<link rel=\"canonical\" href=\"http:\/\/www.sportmgt.ch\/?p=2477\" \/>\n<meta property=\"og:locale\" content=\"fr_FR\" \/>\n<meta property=\"og:type\" content=\"article\" \/>\n<meta property=\"og:title\" content=\"Invitation \u00e0 la T\u00e9l\u00e9 | 28.06.2021 - LF Sport Management\" \/>\n<meta property=\"og:description\" content=\"Merci \u00e0 La T\u00e9l\u00e9 pour l\u2019invitation \u00e0 son \u00e9mission 4-4-2 hier soir ou j\u2019ai eu le plaisir d\u2019\u00eatre en compagnie de : G\u00e9rard Castella responsable formation des Young Boys, Tim Guillemin r\u00e9dacteur en chef du journal la R\u00e9gion et Le Pr\u00e9sident du FC Epalinges Jean-Marie Perret, qui petit clin d\u2019\u0153il de l\u2019histoire f\u00fbt mon co\u00e9quipier [&hellip;]\" \/>\n<meta property=\"og:url\" content=\"http:\/\/www.sportmgt.ch\/?p=2477\" \/>\n<meta property=\"og:site_name\" content=\"LF Sport Management\" \/>\n<meta property=\"article:published_time\" content=\"2021-06-29T12:21:52+00:00\" \/>\n<meta property=\"article:modified_time\" content=\"2021-06-29T12:22:20+00:00\" \/>\n<meta property=\"og:image\" content=\"http:\/\/www.sportmgt.ch\/wp-content\/uploads\/2021\/06\/5120EAA2-3BA0-42BC-8576-38444D5741FF.jpg\" \/>\n\t<meta property=\"og:image:width\" content=\"663\" \/>\n\t<meta property=\"og:image:height\" content=\"458\" \/>\n\t<meta property=\"og:image:type\" content=\"image\/jpeg\" \/>\n<meta name=\"author\" content=\"Marco Bracco\" \/>\n<meta name=\"twitter:label1\" content=\"\u00c9crit par\" \/>\n\t<meta name=\"twitter:data1\" content=\"Marco Bracco\" \/>\n<script type=\"application\/ld+json\" class=\"yoast-schema-graph\">{\"@context\":\"https:\\\/\\\/schema.org\",\"@graph\":[{\"@type\":\"Article\",\"@id\":\"http:\\\/\\\/www.sportmgt.ch\\\/?p=2477#article\",\"isPartOf\":{\"@id\":\"http:\\\/\\\/www.sportmgt.ch\\\/?p=2477\"},\"author\":{\"name\":\"Marco Bracco\",\"@id\":\"http:\\\/\\\/www.sportmgt.ch\\\/#\\\/schema\\\/person\\\/b83123e78be684737fdbb0de39de5756\"},\"headline\":\"Invitation \u00e0 la T\u00e9l\u00e9 | 28.06.2021\",\"datePublished\":\"2021-06-29T12:21:52+00:00\",\"dateModified\":\"2021-06-29T12:22:20+00:00\",\"mainEntityOfPage\":{\"@id\":\"http:\\\/\\\/www.sportmgt.ch\\\/?p=2477\"},\"wordCount\":228,\"image\":{\"@id\":\"http:\\\/\\\/www.sportmgt.ch\\\/?p=2477#primaryimage\"},\"thumbnailUrl\":\"http:\\\/\\\/www.sportmgt.ch\\\/wp-content\\\/uploads\\\/2021\\\/06\\\/5120EAA2-3BA0-42BC-8576-38444D5741FF.jpg\",\"articleSection\":[\"sportmgt\"],\"inLanguage\":\"fr-FR\"},{\"@type\":\"WebPage\",\"@id\":\"http:\\\/\\\/www.sportmgt.ch\\\/?p=2477\",\"url\":\"http:\\\/\\\/www.sportmgt.ch\\\/?p=2477\",\"name\":\"Invitation \u00e0 la T\u00e9l\u00e9 | 28.06.2021 - LF Sport Management\",\"isPartOf\":{\"@id\":\"http:\\\/\\\/www.sportmgt.ch\\\/#website\"},\"primaryImageOfPage\":{\"@id\":\"http:\\\/\\\/www.sportmgt.ch\\\/?p=2477#primaryimage\"},\"image\":{\"@id\":\"http:\\\/\\\/www.sportmgt.ch\\\/?p=2477#primaryimage\"},\"thumbnailUrl\":\"http:\\\/\\\/www.sportmgt.ch\\\/wp-content\\\/uploads\\\/2021\\\/06\\\/5120EAA2-3BA0-42BC-8576-38444D5741FF.jpg\",\"datePublished\":\"2021-06-29T12:21:52+00:00\",\"dateModified\":\"2021-06-29T12:22:20+00:00\",\"author\":{\"@id\":\"http:\\\/\\\/www.sportmgt.ch\\\/#\\\/schema\\\/person\\\/b83123e78be684737fdbb0de39de5756\"},\"breadcrumb\":{\"@id\":\"http:\\\/\\\/www.sportmgt.ch\\\/?p=2477#breadcrumb\"},\"inLanguage\":\"fr-FR\",\"potentialAction\":[{\"@type\":\"ReadAction\",\"target\":[\"http:\\\/\\\/www.sportmgt.ch\\\/?p=2477\"]}]},{\"@type\":\"ImageObject\",\"inLanguage\":\"fr-FR\",\"@id\":\"http:\\\/\\\/www.sportmgt.ch\\\/?p=2477#primaryimage\",\"url\":\"http:\\\/\\\/www.sportmgt.ch\\\/wp-content\\\/uploads\\\/2021\\\/06\\\/5120EAA2-3BA0-42BC-8576-38444D5741FF.jpg\",\"contentUrl\":\"http:\\\/\\\/www.sportmgt.ch\\\/wp-content\\\/uploads\\\/2021\\\/06\\\/5120EAA2-3BA0-42BC-8576-38444D5741FF.jpg\",\"width\":663,\"height\":458},{\"@type\":\"BreadcrumbList\",\"@id\":\"http:\\\/\\\/www.sportmgt.ch\\\/?p=2477#breadcrumb\",\"itemListElement\":[{\"@type\":\"ListItem\",\"position\":1,\"name\":\"Home\",\"item\":\"http:\\\/\\\/www.sportmgt.ch\\\/\"},{\"@type\":\"ListItem\",\"position\":2,\"name\":\"Invitation \u00e0 la T\u00e9l\u00e9 | 28.06.2021\"}]},{\"@type\":\"WebSite\",\"@id\":\"http:\\\/\\\/www.sportmgt.ch\\\/#website\",\"url\":\"http:\\\/\\\/www.sportmgt.ch\\\/\",\"name\":\"LF Sport Management\",\"description\":\"Think sports.\",\"potentialAction\":[{\"@type\":\"SearchAction\",\"target\":{\"@type\":\"EntryPoint\",\"urlTemplate\":\"http:\\\/\\\/www.sportmgt.ch\\\/?s={search_term_string}\"},\"query-input\":{\"@type\":\"PropertyValueSpecification\",\"valueRequired\":true,\"valueName\":\"search_term_string\"}}],\"inLanguage\":\"fr-FR\"},{\"@type\":\"Person\",\"@id\":\"http:\\\/\\\/www.sportmgt.ch\\\/#\\\/schema\\\/person\\\/b83123e78be684737fdbb0de39de5756\",\"name\":\"Marco Bracco\",\"image\":{\"@type\":\"ImageObject\",\"inLanguage\":\"fr-FR\",\"@id\":\"https:\\\/\\\/secure.gravatar.com\\\/avatar\\\/faa5a8f0a48bf9b6ef876a71f6ad6888956966e0f72db018b9a7979f19299de6?s=96&d=mm&r=g\",\"url\":\"https:\\\/\\\/secure.gravatar.com\\\/avatar\\\/faa5a8f0a48bf9b6ef876a71f6ad6888956966e0f72db018b9a7979f19299de6?s=96&d=mm&r=g\",\"contentUrl\":\"https:\\\/\\\/secure.gravatar.com\\\/avatar\\\/faa5a8f0a48bf9b6ef876a71f6ad6888956966e0f72db018b9a7979f19299de6?s=96&d=mm&r=g\",\"caption\":\"Marco Bracco\"},\"url\":\"http:\\\/\\\/www.sportmgt.ch\\\/?author=3\"}]}<\/script>\n<!-- \/ Yoast SEO plugin. -->","yoast_head_json":{"title":"Invitation \u00e0 la T\u00e9l\u00e9 | 28.06.2021 - LF Sport Management","robots":{"index":"index","follow":"follow","max-snippet":"max-snippet:-1","max-image-preview":"max-image-preview:large","max-video-preview":"max-video-preview:-1"},"canonical":"http:\/\/www.sportmgt.ch\/?p=2477","og_locale":"fr_FR","og_type":"article","og_title":"Invitation \u00e0 la T\u00e9l\u00e9 | 28.06.2021 - LF Sport Management","og_description":"Merci \u00e0 La T\u00e9l\u00e9 pour l\u2019invitation \u00e0 son \u00e9mission 4-4-2 hier soir ou j\u2019ai eu le plaisir d\u2019\u00eatre en compagnie de : G\u00e9rard Castella responsable formation des Young Boys, Tim Guillemin r\u00e9dacteur en chef du journal la R\u00e9gion et Le Pr\u00e9sident du FC Epalinges Jean-Marie Perret, qui petit clin d\u2019\u0153il de l\u2019histoire f\u00fbt mon co\u00e9quipier [&hellip;]","og_url":"http:\/\/www.sportmgt.ch\/?p=2477","og_site_name":"LF Sport Management","article_published_time":"2021-06-29T12:21:52+00:00","article_modified_time":"2021-06-29T12:22:20+00:00","og_image":[{"width":663,"height":458,"url":"http:\/\/www.sportmgt.ch\/wp-content\/uploads\/2021\/06\/5120EAA2-3BA0-42BC-8576-38444D5741FF.jpg","type":"image\/jpeg"}],"author":"Marco Bracco","twitter_misc":{"\u00c9crit par":"Marco Bracco"},"schema":{"@context":"https:\/\/schema.org","@graph":[{"@type":"Article","@id":"http:\/\/www.sportmgt.ch\/?p=2477#article","isPartOf":{"@id":"http:\/\/www.sportmgt.ch\/?p=2477"},"author":{"name":"Marco Bracco","@id":"http:\/\/www.sportmgt.ch\/#\/schema\/person\/b83123e78be684737fdbb0de39de5756"},"headline":"Invitation \u00e0 la T\u00e9l\u00e9 | 28.06.2021","datePublished":"2021-06-29T12:21:52+00:00","dateModified":"2021-06-29T12:22:20+00:00","mainEntityOfPage":{"@id":"http:\/\/www.sportmgt.ch\/?p=2477"},"wordCount":228,"image":{"@id":"http:\/\/www.sportmgt.ch\/?p=2477#primaryimage"},"thumbnailUrl":"http:\/\/www.sportmgt.ch\/wp-content\/uploads\/2021\/06\/5120EAA2-3BA0-42BC-8576-38444D5741FF.jpg","articleSection":["sportmgt"],"inLanguage":"fr-FR"},{"@type":"WebPage","@id":"http:\/\/www.sportmgt.ch\/?p=2477","url":"http:\/\/www.sportmgt.ch\/?p=2477","name":"Invitation \u00e0 la T\u00e9l\u00e9 | 28.06.2021 - LF Sport Management","isPartOf":{"@id":"http:\/\/www.sportmgt.ch\/#website"},"primaryImageOfPage":{"@id":"http:\/\/www.sportmgt.ch\/?p=2477#primaryimage"},"image":{"@id":"http:\/\/www.sportmgt.ch\/?p=2477#primaryimage"},"thumbnailUrl":"http:\/\/www.sportmgt.ch\/wp-content\/uploads\/2021\/06\/5120EAA2-3BA0-42BC-8576-38444D5741FF.jpg","datePublished":"2021-06-29T12:21:52+00:00","dateModified":"2021-06-29T12:22:20+00:00","author":{"@id":"http:\/\/www.sportmgt.ch\/#\/schema\/person\/b83123e78be684737fdbb0de39de5756"},"breadcrumb":{"@id":"http:\/\/www.sportmgt.ch\/?p=2477#breadcrumb"},"inLanguage":"fr-FR","potentialAction":[{"@type":"ReadAction","target":["http:\/\/www.sportmgt.ch\/?p=2477"]}]},{"@type":"ImageObject","inLanguage":"fr-FR","@id":"http:\/\/www.sportmgt.ch\/?p=2477#primaryimage","url":"http:\/\/www.sportmgt.ch\/wp-content\/uploads\/2021\/06\/5120EAA2-3BA0-42BC-8576-38444D5741FF.jpg","contentUrl":"http:\/\/www.sportmgt.ch\/wp-content\/uploads\/2021\/06\/5120EAA2-3BA0-42BC-8576-38444D5741FF.jpg","width":663,"height":458},{"@type":"BreadcrumbList","@id":"http:\/\/www.sportmgt.ch\/?p=2477#breadcrumb","itemListElement":[{"@type":"ListItem","position":1,"name":"Home","item":"http:\/\/www.sportmgt.ch\/"},{"@type":"ListItem","position":2,"name":"Invitation \u00e0 la T\u00e9l\u00e9 | 28.06.2021"}]},{"@type":"WebSite","@id":"http:\/\/www.sportmgt.ch\/#website","url":"http:\/\/www.sportmgt.ch\/","name":"LF Sport Management","description":"Think sports.","potentialAction":[{"@type":"SearchAction","target":{"@type":"EntryPoint","urlTemplate":"http:\/\/www.sportmgt.ch\/?s={search_term_string}"},"query-input":{"@type":"PropertyValueSpecification","valueRequired":true,"valueName":"search_term_string"}}],"inLanguage":"fr-FR"},{"@type":"Person","@id":"http:\/\/www.sportmgt.ch\/#\/schema\/person\/b83123e78be684737fdbb0de39de5756","name":"Marco Bracco","image":{"@type":"ImageObject","inLanguage":"fr-FR","@id":"https:\/\/secure.gravatar.com\/avatar\/faa5a8f0a48bf9b6ef876a71f6ad6888956966e0f72db018b9a7979f19299de6?s=96&d=mm&r=g","url":"https:\/\/secure.gravatar.com\/avatar\/faa5a8f0a48bf9b6ef876a71f6ad6888956966e0f72db018b9a7979f19299de6?s=96&d=mm&r=g","contentUrl":"https:\/\/secure.gravatar.com\/avatar\/faa5a8f0a48bf9b6ef876a71f6ad6888956966e0f72db018b9a7979f19299de6?s=96&d=mm&r=g","caption":"Marco Bracco"},"url":"http:\/\/www.sportmgt.ch\/?author=3"}]}},"_links":{"self":[{"href":"http:\/\/www.sportmgt.ch\/index.php?rest_route=\/wp\/v2\/posts\/2477","targetHints":{"allow":["GET"]}}],"collection":[{"href":"http:\/\/www.sportmgt.ch\/index.php?rest_route=\/wp\/v2\/posts"}],"about":[{"href":"http:\/\/www.sportmgt.ch\/index.php?rest_route=\/wp\/v2\/types\/post"}],"author":[{"embeddable":true,"href":"http:\/\/www.sportmgt.ch\/index.php?rest_route=\/wp\/v2\/users\/3"}],"replies":[{"embeddable":true,"href":"http:\/\/www.sportmgt.ch\/index.php?rest_route=%2Fwp%2Fv2%2Fcomments&post=2477"}],"version-history":[{"count":3,"href":"http:\/\/www.sportmgt.ch\/index.php?rest_route=\/wp\/v2\/posts\/2477\/revisions"}],"predecessor-version":[{"id":2482,"href":"http:\/\/www.sportmgt.ch\/index.php?rest_route=\/wp\/v2\/posts\/2477\/revisions\/2482"}],"wp:featuredmedia":[{"embeddable":true,"href":"http:\/\/www.sportmgt.ch\/index.php?rest_route=\/wp\/v2\/media\/2478"}],"wp:attachment":[{"href":"http:\/\/www.sportmgt.ch\/index.php?rest_route=%2Fwp%2Fv2%2Fmedia&parent=2477"}],"wp:term":[{"taxonomy":"category","embeddable":true,"href":"http:\/\/www.sportmgt.ch\/index.php?rest_route=%2Fwp%2Fv2%2Fcategories&post=2477"},{"taxonomy":"post_tag","embeddable":true,"href":"http:\/\/www.sportmgt.ch\/index.php?rest_route=%2Fwp%2Fv2%2Ftags&post=2477"}],"curies":[{"name":"wp","href":"https:\/\/api.w.org\/{rel}","templated":true}]}}